{"id":230,"date":"2020-03-06T19:06:35","date_gmt":"2020-03-07T00:06:35","guid":{"rendered":"http:\/\/wp.alainmasse.com\/?p=230"},"modified":"2020-03-06T19:08:21","modified_gmt":"2020-03-07T00:08:21","slug":"exercice-33","status":"publish","type":"post","link":"http:\/\/wp.alainmasse.com\/index.php\/2020\/03\/06\/exercice-33\/","title":{"rendered":"Exercice 33"},"content":{"rendered":"<p>[et_pb_section fb_built=\u00a0\u00bb1&Prime; _builder_version=\u00a0\u00bb4.3.2&Prime;][et_pb_row _builder_version=\u00a0\u00bb4.3.2&Prime;][et_pb_column _builder_version=\u00a0\u00bb4.3.2&Prime; type=\u00a0\u00bb4_4&Prime;][et_pb_accordion _builder_version=\u00a0\u00bb4.3.2&Prime; hover_enabled=\u00a0\u00bb0&Prime;][et_pb_accordion_item title=\u00a0\u00bbD\u00e9jeuner du matin\u00a0\u00bb _builder_version=\u00a0\u00bb4.3.2&Prime; open=\u00a0\u00bbon\u00a0\u00bb hover_enabled=\u00a0\u00bb0&Prime;]<\/p>\n<div>\n<p><img loading=\"lazy\" decoding=\"async\" width=\"528\" height=\"434\" src=\"https:\/\/blogflesion.files.wordpress.com\/2018\/02\/dc3a9j-du-mat.jpg\" alt=\"\" class=\"size-medium alignnone\" \/>Lisez ce po\u00e8me de Jacques Pr\u00e9vert, (D\u00e9je\u00fbner du matin)<\/p>\n<\/div>\n<div>\n<p><em>I<strong>l a mis le caf\u00e9\u00a0<\/strong><\/em><\/p>\n<\/div>\n<div>\n<p><strong><em>Dans la tasse\u00a0<\/em><\/strong><\/p>\n<\/div>\n<div>\n<p><strong><em>Il a mis le lait\u00a0<\/em><\/strong><\/p>\n<\/div>\n<div>\n<p><strong><em>Dans la tasse de caf\u00e9\u00a0<\/em><\/strong><\/p>\n<\/div>\n<div>\n<p><strong><em>Il a mis le sucre\u00a0<\/em><\/strong><\/p>\n<\/div>\n<div>\n<p><strong><em>Dans le caf\u00e9 au lait\u00a0<\/em><\/strong><\/p>\n<\/div>\n<div>\n<p><strong><em>Avec la petite cuill\u00e8re<\/em><\/strong><\/p>\n<\/div>\n<div>\n<p><strong><em>Il a tourn\u00e9\u00a0<\/em><\/strong><\/p>\n<\/div>\n<div>\n<p><strong><em>Il a bu le caf\u00e9 au lait\u00a0<\/em><\/strong><\/p>\n<\/div>\n<div>\n<p><strong><em>Et il a repos\u00e9 la tasse\u00a0<\/em><\/strong><\/p>\n<\/div>\n<div>\n<p><strong><em>Sans me parler<\/em><\/strong><\/p>\n<\/div>\n<div>\n<p><strong><em>Il a allum\u00e9\u00a0<\/em><\/strong><\/p>\n<\/div>\n<div>\n<p><strong><em>Une cigarette\u00a0<\/em><\/strong><\/p>\n<\/div>\n<div>\n<p><strong><em>Il a fait des ronds\u00a0<\/em><\/strong><\/p>\n<\/div>\n<div>\n<p><strong><em>Avec la fum\u00e9e\u00a0<\/em><\/strong><\/p>\n<\/div>\n<div>\n<p><strong><em>Il a mis les cendres\u00a0<\/em><\/strong><\/p>\n<\/div>\n<div>\n<p><strong><em>Dans le cendrier\u00a0<\/em><\/strong><\/p>\n<\/div>\n<div>\n<p><strong><em>Sans me parler\u00a0<\/em><\/strong><\/p>\n<\/div>\n<div>\n<p><strong><em>Sans me regarder<\/em><\/strong><\/p>\n<\/div>\n<div>\n<p><strong><em>Il s&rsquo;est lev\u00e9\u00a0<\/em><\/strong><\/p>\n<\/div>\n<div>\n<p><strong><em>Il a mis\u00a0<\/em><\/strong><\/p>\n<\/div>\n<div>\n<p><strong><em>Son chapeau sur sa t\u00eate\u00a0<\/em><\/strong><\/p>\n<\/div>\n<div>\n<p><strong><em>Il a mis son manteau de pluie\u00a0<\/em><\/strong><\/p>\n<\/div>\n<div>\n<p><strong><em>Parce qu&rsquo;il pleuvait\u00a0<\/em><\/strong><\/p>\n<\/div>\n<div>\n<p><strong><em>Et il est parti\u00a0<\/em><\/strong><\/p>\n<\/div>\n<div>\n<p><strong><em>Sous la pluie\u00a0<\/em><\/strong><\/p>\n<\/div>\n<div>\n<p><strong><em>Sans une parole\u00a0<\/em><\/strong><\/p>\n<\/div>\n<div>\n<p><strong><em>Sans me regarder<\/em><\/strong><\/p>\n<\/div>\n<div>\n<p><strong><em>Et moi j&rsquo;ai pris\u00a0<\/em><\/strong><\/p>\n<\/div>\n<div>\n<p><strong><em>Ma t\u00eate dans ma main\u00a0<\/em><\/strong><\/p>\n<\/div>\n<div>\n<p><em><strong>Et j&rsquo;ai pleur\u00e9<\/strong><\/em><\/p>\n<\/div>\n<div>\n<p>Remarquez l&rsquo;absence d&rsquo;adjectifs, mais surtout comment jamais nous n&rsquo;entrons dans la t\u00eate de la narratrice (ou narrateur). Elle ne d\u00e9crit que ce qu&rsquo;une cam\u00e9ra pourrait voir. Sans figures de style, en toute simplicit\u00e9.<\/p>\n<\/div>\n<div>\n<p>\u00c9crivez un texte qui a ces qualit\u00e9s.<\/p>\n<\/div>\n<p>[\/et_pb_accordion_item][\/et_pb_accordion][\/et_pb_column][\/et_pb_row][\/et_pb_section]<\/p>\n","protected":false},"excerpt":{"rendered":"<p>Lisez ce po\u00e8me de Jacques Pr\u00e9vert, (D\u00e9je\u00fbner du matin) Il a mis le caf\u00e9\u00a0 Dans la tasse\u00a0 Il a mis le lait\u00a0 Dans la tasse de caf\u00e9\u00a0 Il a mis le sucre\u00a0 Dans le caf\u00e9 au lait\u00a0 Avec la petite cuill\u00e8re Il a tourn\u00e9\u00a0 Il a bu le caf\u00e9 au lait\u00a0 Et il a repos\u00e9 [&hellip;]<\/p>\n","protected":false},"author":1,"featured_media":0,"comment_status":"open","ping_status":"open","sticky":false,"template":"","format":"standard","meta":{"_et_pb_use_builder":"on","_et_pb_old_content":"","_et_gb_content_width":"","footnotes":""},"categories":[5],"tags":[],"class_list":["post-230","post","type-post","status-publish","format-standard","hentry","category-exercices-quotidiens"],"_links":{"self":[{"href":"http:\/\/wp.alainmasse.com\/index.php\/wp-json\/wp\/v2\/posts\/230","targetHints":{"allow":["GET"]}}],"collection":[{"href":"http:\/\/wp.alainmasse.com\/index.php\/wp-json\/wp\/v2\/posts"}],"about":[{"href":"http:\/\/wp.alainmasse.com\/index.php\/wp-json\/wp\/v2\/types\/post"}],"author":[{"embeddable":true,"href":"http:\/\/wp.alainmasse.com\/index.php\/wp-json\/wp\/v2\/users\/1"}],"replies":[{"embeddable":true,"href":"http:\/\/wp.alainmasse.com\/index.php\/wp-json\/wp\/v2\/comments?post=230"}],"version-history":[{"count":2,"href":"http:\/\/wp.alainmasse.com\/index.php\/wp-json\/wp\/v2\/posts\/230\/revisions"}],"predecessor-version":[{"id":233,"href":"http:\/\/wp.alainmasse.com\/index.php\/wp-json\/wp\/v2\/posts\/230\/revisions\/233"}],"wp:attachment":[{"href":"http:\/\/wp.alainmasse.com\/index.php\/wp-json\/wp\/v2\/media?parent=230"}],"wp:term":[{"taxonomy":"category","embeddable":true,"href":"http:\/\/wp.alainmasse.com\/index.php\/wp-json\/wp\/v2\/categories?post=230"},{"taxonomy":"post_tag","embeddable":true,"href":"http:\/\/wp.alainmasse.com\/index.php\/wp-json\/wp\/v2\/tags?post=230"}],"curies":[{"name":"wp","href":"https:\/\/api.w.org\/{rel}","templated":true}]}}